{"id":1913,"date":"2021-10-22T11:43:42","date_gmt":"2021-10-22T17:43:42","guid":{"rendered":"https:\/\/ichd.mx\/?p=1913"},"modified":"2021-10-24T14:05:20","modified_gmt":"2021-10-24T20:05:20","slug":"chihuahuenses-al-campeonato-mundial-de-boxeo-en-serbia","status":"publish","type":"post","link":"https:\/\/ichd.mx\/?p=1913","title":{"rendered":"Chihuahuenses al Campeonato Mundial de Boxeo en Serbia"},"content":{"rendered":"<p>El ol\u00edmpico chihuahuense Rogelio Romero lidera el selectivo nacional que participar\u00e1 en el Campeonato Mundial de Boxeo, a realizarse del 25 de octubre al 6 de noviembre en Serbia, evento en el que, se repartir\u00e1n medallas y premio econ\u00f3mico por primera vez.<\/p>\n<p>La Comisi\u00f3n Nacional de Cultura F\u00edsica y Deporte, inform\u00f3 que, los pugilistas mexicanos partieron a Belgrado, Serbia, encabezados por el juarense Rogelio Romero Torres, quien regresa al encordado tras su participaci\u00f3n en Tokio 2020, justa en la que finaliz\u00f3 en el quinto lugar de los 81 kilogramos.<\/p>\n<p>Como parte de la Selecci\u00f3n Mexicana, tambi\u00e9n sobresale la participaci\u00f3n del chihuahuense Marco Ariel Hern\u00e1ndez Alv\u00eddrez, en los 67 kilos, adem\u00e1s, se suman los boxeadores Miguel Fernando Vega Barreras, en los 57 kilogramos; Gustavo Jos\u00e9 Rivera R\u00edo S\u00e1nchez, en la divisi\u00f3n de los 60 kilos; C\u00e9sar Donovan Morales Ireta, en los 63 kilos; Marco Alonso Verde \u00c1lvarez, en los 71 kilos; H\u00e9ctor Octavio Aguirre Mart\u00ednez, en los 75 kilos y Said Iran\u00ed Olvera Arriaga, en los 80 kilos.<\/p>\n<p>Para llegar en las mejores condiciones, los convocados por la Federaci\u00f3n Mexicana de Boxeo, se concentraron previamente en el Centro Nacional de Desarrollo de Talentos Deportivos y Alto Rendimiento (CNAR).<\/p>\n<p>De acuerdo con la Asociaci\u00f3n Internacional de Boxeo (AIBA), la competencia reunir\u00e1 alrededor de 68 naciones; destacan potencias como Cuba, Uzbekist\u00e1n, Tailandia, Filipinas, Ucrania, India y Mongolia, as\u00ed como algunos de los campeones ol\u00edmpicos.<\/p>\n<p>La cita box\u00edstica ser\u00e1 la primera, en 75 a\u00f1os de historia de la AIBA, que otorgar\u00e1 un premio econ\u00f3mico a los ganadores, el cual corresponder\u00e1 a 100 mil d\u00f3lares para la medalla de oro; 50 mil para los de plata y 25 mil para los de bronce, para un total de una bolsa de premiaci\u00f3n de 2.6 millones de d\u00f3lares.<\/p>\n","protected":false},"excerpt":{"rendered":"<p>El ol\u00edmpico chihuahuense Rogelio Romero lidera el selectivo nacional que participar\u00e1 en el Campeonato Mundial de Boxeo, a realizarse del<\/p>\n","protected":false},"author":1,"featured_media":1914,"comment_status":"closed","ping_status":"open","sticky":false,"template":"","format":"standard","meta":{"footnotes":""},"categories":[8,3],"tags":[],"class_list":["post-1913","post","type-post","status-publish","format-standard","has-post-thumbnail","hentry","category-gral","category-sub"],"yoast_head":"<!-- This site is optimized with the Yoast SEO plugin v25.9 - https:\/\/yoast.com\/wordpress\/plugins\/seo\/ -->\n<title>Chihuahuenses al Campeonato Mundial de Boxeo en Serbia - ICHD<\/title>\n<meta name=\"description\" content=\"Participan Rogelio Romero y Marco Ariel Hern\u00e1ndez\" \/>\n<meta name=\"robots\" content=\"index, follow, max-snippet:-1, max-image-preview:large, max-video-preview:-1\" \/>\n<link rel=\"canonical\" href=\"https:\/\/ichd.mx\/?p=1913\" \/>\n<meta property=\"og:locale\" content=\"es_ES\" \/>\n<meta property=\"og:type\" content=\"article\" \/>\n<meta property=\"og:title\" content=\"Chihuahuenses al Campeonato Mundial de Boxeo en Serbia - ICHD\" \/>\n<meta property=\"og:description\" content=\"Participan Rogelio Romero y Marco Ariel Hern\u00e1ndez\" \/>\n<meta property=\"og:url\" content=\"https:\/\/ichd.mx\/?p=1913\" \/>\n<meta property=\"og:site_name\" content=\"ICHD\" \/>\n<meta property=\"article:publisher\" content=\"https:\/\/www.facebook.com\/ichdmx\" \/>\n<meta property=\"article:published_time\" content=\"2021-10-22T17:43:42+00:00\" \/>\n<meta property=\"article:modified_time\" content=\"2021-10-24T20:05:20+00:00\" \/>\n<meta property=\"og:image\" content=\"https:\/\/ichd.mx\/wp-content\/uploads\/2021\/10\/Rogelio-Romero-boxeador-mexicano-en-Tokio-2020-1.jpeg\" \/>\n\t<meta property=\"og:image:width\" content=\"1024\" \/>\n\t<meta property=\"og:image:height\" content=\"647\" \/>\n\t<meta property=\"og:image:type\" content=\"image\/jpeg\" \/>\n<meta name=\"author\" content=\"Prensa ICHD\" \/>\n<meta name=\"twitter:card\" content=\"summary_large_image\" \/>\n<meta name=\"twitter:creator\" content=\"@ICHDmx\" \/>\n<meta name=\"twitter:site\" content=\"@ICHDmx\" \/>\n<meta name=\"twitter:label1\" content=\"Escrito por\" \/>\n\t<meta name=\"twitter:data1\" content=\"Prensa ICHD\" \/>\n\t<meta name=\"twitter:label2\" content=\"Tiempo de lectura\" \/>\n\t<meta name=\"twitter:data2\" content=\"2 minutos\" \/>\n<script type=\"application\/ld+json\" class=\"yoast-schema-graph\">{\"@context\":\"https:\/\/schema.org\",\"@graph\":[{\"@type\":\"WebPage\",\"@id\":\"https:\/\/ichd.mx\/?p=1913\",\"url\":\"https:\/\/ichd.mx\/?p=1913\",\"name\":\"Chihuahuenses al Campeonato Mundial de Boxeo en Serbia - ICHD\",\"isPartOf\":{\"@id\":\"https:\/\/ichd.mx\/#website\"},\"primaryImageOfPage\":{\"@id\":\"https:\/\/ichd.mx\/?p=1913#primaryimage\"},\"image\":{\"@id\":\"https:\/\/ichd.mx\/?p=1913#primaryimage\"},\"thumbnailUrl\":\"https:\/\/ichd.mx\/wp-content\/uploads\/2021\/10\/Rogelio-Romero-boxeador-mexicano-en-Tokio-2020-1.jpeg\",\"datePublished\":\"2021-10-22T17:43:42+00:00\",\"dateModified\":\"2021-10-24T20:05:20+00:00\",\"author\":{\"@id\":\"https:\/\/ichd.mx\/#\/schema\/person\/f479276b61f414d2c9cb093175585910\"},\"description\":\"Participan Rogelio Romero y Marco Ariel Hern\u00e1ndez\",\"breadcrumb\":{\"@id\":\"https:\/\/ichd.mx\/?p=1913#breadcrumb\"},\"inLanguage\":\"es\",\"potentialAction\":[{\"@type\":\"ReadAction\",\"target\":[\"https:\/\/ichd.mx\/?p=1913\"]}]},{\"@type\":\"ImageObject\",\"inLanguage\":\"es\",\"@id\":\"https:\/\/ichd.mx\/?p=1913#primaryimage\",\"url\":\"https:\/\/ichd.mx\/wp-content\/uploads\/2021\/10\/Rogelio-Romero-boxeador-mexicano-en-Tokio-2020-1.jpeg\",\"contentUrl\":\"https:\/\/ichd.mx\/wp-content\/uploads\/2021\/10\/Rogelio-Romero-boxeador-mexicano-en-Tokio-2020-1.jpeg\",\"width\":1024,\"height\":647},{\"@type\":\"BreadcrumbList\",\"@id\":\"https:\/\/ichd.mx\/?p=1913#breadcrumb\",\"itemListElement\":[{\"@type\":\"ListItem\",\"position\":1,\"name\":\"Portada\",\"item\":\"https:\/\/ichd.mx\/\"},{\"@type\":\"ListItem\",\"position\":2,\"name\":\"Chihuahuenses al Campeonato Mundial de Boxeo en Serbia\"}]},{\"@type\":\"WebSite\",\"@id\":\"https:\/\/ichd.mx\/#website\",\"url\":\"https:\/\/ichd.mx\/\",\"name\":\"ICHD\",\"description\":\"Instituto Chihuahuense del Deporte y Cultura F\u00edsica\",\"potentialAction\":[{\"@type\":\"SearchAction\",\"target\":{\"@type\":\"EntryPoint\",\"urlTemplate\":\"https:\/\/ichd.mx\/?s={search_term_string}\"},\"query-input\":{\"@type\":\"PropertyValueSpecification\",\"valueRequired\":true,\"valueName\":\"search_term_string\"}}],\"inLanguage\":\"es\"},{\"@type\":\"Person\",\"@id\":\"https:\/\/ichd.mx\/#\/schema\/person\/f479276b61f414d2c9cb093175585910\",\"name\":\"Prensa ICHD\",\"image\":{\"@type\":\"ImageObject\",\"inLanguage\":\"es\",\"@id\":\"https:\/\/ichd.mx\/#\/schema\/person\/image\/\",\"url\":\"https:\/\/secure.gravatar.com\/avatar\/6046115645d37646586ee77488df800b?s=96&d=mm&r=g\",\"contentUrl\":\"https:\/\/secure.gravatar.com\/avatar\/6046115645d37646586ee77488df800b?s=96&d=mm&r=g\",\"caption\":\"Prensa ICHD\"},\"url\":\"https:\/\/ichd.mx\/?author=1\"}]}<\/script>\n<!-- \/ Yoast SEO plugin. -->","yoast_head_json":{"title":"Chihuahuenses al Campeonato Mundial de Boxeo en Serbia - ICHD","description":"Participan Rogelio Romero y Marco Ariel Hern\u00e1ndez","robots":{"index":"index","follow":"follow","max-snippet":"max-snippet:-1","max-image-preview":"max-image-preview:large","max-video-preview":"max-video-preview:-1"},"canonical":"https:\/\/ichd.mx\/?p=1913","og_locale":"es_ES","og_type":"article","og_title":"Chihuahuenses al Campeonato Mundial de Boxeo en Serbia - ICHD","og_description":"Participan Rogelio Romero y Marco Ariel Hern\u00e1ndez","og_url":"https:\/\/ichd.mx\/?p=1913","og_site_name":"ICHD","article_publisher":"https:\/\/www.facebook.com\/ichdmx","article_published_time":"2021-10-22T17:43:42+00:00","article_modified_time":"2021-10-24T20:05:20+00:00","og_image":[{"width":1024,"height":647,"url":"https:\/\/ichd.mx\/wp-content\/uploads\/2021\/10\/Rogelio-Romero-boxeador-mexicano-en-Tokio-2020-1.jpeg","type":"image\/jpeg"}],"author":"Prensa ICHD","twitter_card":"summary_large_image","twitter_creator":"@ICHDmx","twitter_site":"@ICHDmx","twitter_misc":{"Escrito por":"Prensa ICHD","Tiempo de lectura":"2 minutos"},"schema":{"@context":"https:\/\/schema.org","@graph":[{"@type":"WebPage","@id":"https:\/\/ichd.mx\/?p=1913","url":"https:\/\/ichd.mx\/?p=1913","name":"Chihuahuenses al Campeonato Mundial de Boxeo en Serbia - ICHD","isPartOf":{"@id":"https:\/\/ichd.mx\/#website"},"primaryImageOfPage":{"@id":"https:\/\/ichd.mx\/?p=1913#primaryimage"},"image":{"@id":"https:\/\/ichd.mx\/?p=1913#primaryimage"},"thumbnailUrl":"https:\/\/ichd.mx\/wp-content\/uploads\/2021\/10\/Rogelio-Romero-boxeador-mexicano-en-Tokio-2020-1.jpeg","datePublished":"2021-10-22T17:43:42+00:00","dateModified":"2021-10-24T20:05:20+00:00","author":{"@id":"https:\/\/ichd.mx\/#\/schema\/person\/f479276b61f414d2c9cb093175585910"},"description":"Participan Rogelio Romero y Marco Ariel Hern\u00e1ndez","breadcrumb":{"@id":"https:\/\/ichd.mx\/?p=1913#breadcrumb"},"inLanguage":"es","potentialAction":[{"@type":"ReadAction","target":["https:\/\/ichd.mx\/?p=1913"]}]},{"@type":"ImageObject","inLanguage":"es","@id":"https:\/\/ichd.mx\/?p=1913#primaryimage","url":"https:\/\/ichd.mx\/wp-content\/uploads\/2021\/10\/Rogelio-Romero-boxeador-mexicano-en-Tokio-2020-1.jpeg","contentUrl":"https:\/\/ichd.mx\/wp-content\/uploads\/2021\/10\/Rogelio-Romero-boxeador-mexicano-en-Tokio-2020-1.jpeg","width":1024,"height":647},{"@type":"BreadcrumbList","@id":"https:\/\/ichd.mx\/?p=1913#breadcrumb","itemListElement":[{"@type":"ListItem","position":1,"name":"Portada","item":"https:\/\/ichd.mx\/"},{"@type":"ListItem","position":2,"name":"Chihuahuenses al Campeonato Mundial de Boxeo en Serbia"}]},{"@type":"WebSite","@id":"https:\/\/ichd.mx\/#website","url":"https:\/\/ichd.mx\/","name":"ICHD","description":"Instituto Chihuahuense del Deporte y Cultura F\u00edsica","potentialAction":[{"@type":"SearchAction","target":{"@type":"EntryPoint","urlTemplate":"https:\/\/ichd.mx\/?s={search_term_string}"},"query-input":{"@type":"PropertyValueSpecification","valueRequired":true,"valueName":"search_term_string"}}],"inLanguage":"es"},{"@type":"Person","@id":"https:\/\/ichd.mx\/#\/schema\/person\/f479276b61f414d2c9cb093175585910","name":"Prensa ICHD","image":{"@type":"ImageObject","inLanguage":"es","@id":"https:\/\/ichd.mx\/#\/schema\/person\/image\/","url":"https:\/\/secure.gravatar.com\/avatar\/6046115645d37646586ee77488df800b?s=96&d=mm&r=g","contentUrl":"https:\/\/secure.gravatar.com\/avatar\/6046115645d37646586ee77488df800b?s=96&d=mm&r=g","caption":"Prensa ICHD"},"url":"https:\/\/ichd.mx\/?author=1"}]}},"_links":{"self":[{"href":"https:\/\/ichd.mx\/index.php?rest_route=\/wp\/v2\/posts\/1913","targetHints":{"allow":["GET"]}}],"collection":[{"href":"https:\/\/ichd.mx\/index.php?rest_route=\/wp\/v2\/posts"}],"about":[{"href":"https:\/\/ichd.mx\/index.php?rest_route=\/wp\/v2\/types\/post"}],"author":[{"embeddable":true,"href":"https:\/\/ichd.mx\/index.php?rest_route=\/wp\/v2\/users\/1"}],"replies":[{"embeddable":true,"href":"https:\/\/ichd.mx\/index.php?rest_route=%2Fwp%2Fv2%2Fcomments&post=1913"}],"version-history":[{"count":1,"href":"https:\/\/ichd.mx\/index.php?rest_route=\/wp\/v2\/posts\/1913\/revisions"}],"predecessor-version":[{"id":1915,"href":"https:\/\/ichd.mx\/index.php?rest_route=\/wp\/v2\/posts\/1913\/revisions\/1915"}],"wp:featuredmedia":[{"embeddable":true,"href":"https:\/\/ichd.mx\/index.php?rest_route=\/wp\/v2\/media\/1914"}],"wp:attachment":[{"href":"https:\/\/ichd.mx\/index.php?rest_route=%2Fwp%2Fv2%2Fmedia&parent=1913"}],"wp:term":[{"taxonomy":"category","embeddable":true,"href":"https:\/\/ichd.mx\/index.php?rest_route=%2Fwp%2Fv2%2Fcategories&post=1913"},{"taxonomy":"post_tag","embeddable":true,"href":"https:\/\/ichd.mx\/index.php?rest_route=%2Fwp%2Fv2%2Ftags&post=1913"}],"curies":[{"name":"wp","href":"https:\/\/api.w.org\/{rel}","templated":true}]}}