{"id":1777,"date":"2021-01-28T12:15:55","date_gmt":"2021-01-28T19:15:55","guid":{"rendered":"https:\/\/ichd.mx\/?p=1777"},"modified":"2021-01-28T12:16:09","modified_gmt":"2021-01-28T19:16:09","slug":"confirman-a-chihuahuenses-en-el-preolimpico-de-boxeo-en-argentina","status":"publish","type":"post","link":"https:\/\/ichd.mx\/?p=1777","title":{"rendered":"Confirman a chihuahuenses en el preol\u00edmpico de boxeo en Argentina"},"content":{"rendered":"<p><em>*El juarense Rogelio Romero y el capitalino Marco Ariel Hern\u00e1ndez los convocados<\/em><em>\u00a0<\/em><\/p>\n<p>La Federaci\u00f3n Mexicana de Boxeo aficionado ratific\u00f3 la convocatoria a los p\u00fagiles chihuahuense Rogelio Romero y Marco Ariel Hern\u00e1ndez para representar a M\u00e9xico en el torneo preol\u00edmpico de la especialidad que se realizar\u00e1 en Buenos Aires, Argentina.<!--more--><\/p>\n<p>Esta justa debi\u00f3 haberse celebrado en marzo del 2020, sin embargo, por la situaci\u00f3n de la pandemia tuvo que ser reprogramada por lo que se determin\u00f3 que \u00e9sta se realizar\u00e1 del 6 al 13 de mayo en la misma sede. Este evento otorgar\u00e1 el pase a los Juegos Ol\u00edmpicos a celebrarse el pr\u00f3ximo verano en Tokio, Jap\u00f3n.<\/p>\n<p>\u201cEstamos a la espera de que se nos informe cu\u00e1ntos lugares habr\u00e1 por divisi\u00f3n, es com\u00fan que haya de dos a tres, ahora esto lo est\u00e1 organizando directamente el Comit\u00e9 Ol\u00edmpico Internacional (COI), pudiera haber tambi\u00e9n un posible repechaje para aquellos que no logren su pase en el preol\u00edmpico, pero no se ha determinado a\u00fan\u201d, expres\u00f3 Omar Salido Angulo, presidente de la Asociaci\u00f3n Estatal de Box.<\/p>\n<p>Rogelio Romero multimedallista en campeonatos nacionales, as\u00ed como, en juegos centroamericanos y panamericanos participar\u00e1 en la divisi\u00f3n de los 91 kilogramos. Mientras que, Marco Ariel Hern\u00e1ndez es emanado de los procesos de Olimpiada y Universiada, pertenece a la divisi\u00f3n de los 75 kilogramos.<\/p>\n<p>Ambos peleadores se concentrar\u00e1n unos d\u00edas en la Ciudad de M\u00e9xico bajo la instrucci\u00f3n de los entrenadores nacionales, esto previo a su participaci\u00f3n en la Patagonia.<\/p>\n<p><img loading=\"lazy\" decoding=\"async\" class=\"wp-image-1778 size-full aligncenter\" src=\"https:\/\/ichd.mx\/wp-content\/uploads\/2021\/01\/Rogelio-Romero.jpg\" alt=\"\" width=\"647\" height=\"651\" srcset=\"https:\/\/ichd.mx\/wp-content\/uploads\/2021\/01\/Rogelio-Romero.jpg 647w, https:\/\/ichd.mx\/wp-content\/uploads\/2021\/01\/Rogelio-Romero-298x300.jpg 298w, https:\/\/ichd.mx\/wp-content\/uploads\/2021\/01\/Rogelio-Romero-150x150.jpg 150w\" sizes=\"auto, (max-width: 647px) 100vw, 647px\" \/><\/p>\n","protected":false},"excerpt":{"rendered":"<p>*El juarense Rogelio Romero y el capitalino Marco Ariel Hern\u00e1ndez los convocados\u00a0 La Federaci\u00f3n Mexicana de Boxeo aficionado ratific\u00f3 la<\/p>\n","protected":false},"author":3,"featured_media":1779,"comment_status":"closed","ping_status":"open","sticky":false,"template":"","format":"standard","meta":{"footnotes":""},"categories":[8,2,3],"tags":[76,206],"class_list":["post-1777","post","type-post","status-publish","format-standard","has-post-thumbnail","hentry","category-gral","category-ppal","category-sub","tag-boxeo","tag-preolimpico-box"],"yoast_head":"<!-- This site is optimized with the Yoast SEO plugin v25.9 - https:\/\/yoast.com\/wordpress\/plugins\/seo\/ -->\n<title>Confirman a chihuahuenses en el preol\u00edmpico de boxeo en Argentina - ICHD<\/title>\n<meta name=\"robots\" content=\"index, follow, max-snippet:-1, max-image-preview:large, max-video-preview:-1\" \/>\n<link rel=\"canonical\" href=\"https:\/\/ichd.mx\/?p=1777\" \/>\n<meta property=\"og:locale\" content=\"es_ES\" \/>\n<meta property=\"og:type\" content=\"article\" \/>\n<meta property=\"og:title\" content=\"Confirman a chihuahuenses en el preol\u00edmpico de boxeo en Argentina - ICHD\" \/>\n<meta property=\"og:description\" content=\"*El juarense Rogelio Romero y el capitalino Marco Ariel Hern\u00e1ndez los convocados\u00a0 La Federaci\u00f3n Mexicana de Boxeo aficionado ratific\u00f3 la\" \/>\n<meta property=\"og:url\" content=\"https:\/\/ichd.mx\/?p=1777\" \/>\n<meta property=\"og:site_name\" content=\"ICHD\" \/>\n<meta property=\"article:publisher\" content=\"https:\/\/www.facebook.com\/ichdmx\" \/>\n<meta property=\"article:published_time\" content=\"2021-01-28T19:15:55+00:00\" \/>\n<meta property=\"article:modified_time\" content=\"2021-01-28T19:16:09+00:00\" \/>\n<meta property=\"og:image\" content=\"https:\/\/ichd.mx\/wp-content\/uploads\/2021\/01\/Marco-Ariel-Hernandez-e1611861314792.jpg\" \/>\n\t<meta property=\"og:image:width\" content=\"748\" \/>\n\t<meta property=\"og:image:height\" content=\"456\" \/>\n\t<meta property=\"og:image:type\" content=\"image\/jpeg\" \/>\n<meta name=\"author\" content=\"Prensa ICHD\" \/>\n<meta name=\"twitter:card\" content=\"summary_large_image\" \/>\n<meta name=\"twitter:creator\" content=\"@ICHDmx\" \/>\n<meta name=\"twitter:site\" content=\"@ICHDmx\" \/>\n<meta name=\"twitter:label1\" content=\"Escrito por\" \/>\n\t<meta name=\"twitter:data1\" content=\"Prensa ICHD\" \/>\n\t<meta name=\"twitter:label2\" content=\"Tiempo de lectura\" \/>\n\t<meta name=\"twitter:data2\" content=\"1 minuto\" \/>\n<script type=\"application\/ld+json\" class=\"yoast-schema-graph\">{\"@context\":\"https:\/\/schema.org\",\"@graph\":[{\"@type\":\"WebPage\",\"@id\":\"https:\/\/ichd.mx\/?p=1777\",\"url\":\"https:\/\/ichd.mx\/?p=1777\",\"name\":\"Confirman a chihuahuenses en el preol\u00edmpico de boxeo en Argentina - ICHD\",\"isPartOf\":{\"@id\":\"https:\/\/ichd.mx\/#website\"},\"primaryImageOfPage\":{\"@id\":\"https:\/\/ichd.mx\/?p=1777#primaryimage\"},\"image\":{\"@id\":\"https:\/\/ichd.mx\/?p=1777#primaryimage\"},\"thumbnailUrl\":\"https:\/\/ichd.mx\/wp-content\/uploads\/2021\/01\/Marco-Ariel-Hernandez-e1611861314792.jpg\",\"datePublished\":\"2021-01-28T19:15:55+00:00\",\"dateModified\":\"2021-01-28T19:16:09+00:00\",\"author\":{\"@id\":\"https:\/\/ichd.mx\/#\/schema\/person\/137528cf3411e3cbc248ffe1288137a7\"},\"breadcrumb\":{\"@id\":\"https:\/\/ichd.mx\/?p=1777#breadcrumb\"},\"inLanguage\":\"es\",\"potentialAction\":[{\"@type\":\"ReadAction\",\"target\":[\"https:\/\/ichd.mx\/?p=1777\"]}]},{\"@type\":\"ImageObject\",\"inLanguage\":\"es\",\"@id\":\"https:\/\/ichd.mx\/?p=1777#primaryimage\",\"url\":\"https:\/\/ichd.mx\/wp-content\/uploads\/2021\/01\/Marco-Ariel-Hernandez-e1611861314792.jpg\",\"contentUrl\":\"https:\/\/ichd.mx\/wp-content\/uploads\/2021\/01\/Marco-Ariel-Hernandez-e1611861314792.jpg\",\"width\":748,\"height\":456},{\"@type\":\"BreadcrumbList\",\"@id\":\"https:\/\/ichd.mx\/?p=1777#breadcrumb\",\"itemListElement\":[{\"@type\":\"ListItem\",\"position\":1,\"name\":\"Portada\",\"item\":\"https:\/\/ichd.mx\/\"},{\"@type\":\"ListItem\",\"position\":2,\"name\":\"Confirman a chihuahuenses en el preol\u00edmpico de boxeo en Argentina\"}]},{\"@type\":\"WebSite\",\"@id\":\"https:\/\/ichd.mx\/#website\",\"url\":\"https:\/\/ichd.mx\/\",\"name\":\"ICHD\",\"description\":\"Instituto Chihuahuense del Deporte y Cultura F\u00edsica\",\"potentialAction\":[{\"@type\":\"SearchAction\",\"target\":{\"@type\":\"EntryPoint\",\"urlTemplate\":\"https:\/\/ichd.mx\/?s={search_term_string}\"},\"query-input\":{\"@type\":\"PropertyValueSpecification\",\"valueRequired\":true,\"valueName\":\"search_term_string\"}}],\"inLanguage\":\"es\"},{\"@type\":\"Person\",\"@id\":\"https:\/\/ichd.mx\/#\/schema\/person\/137528cf3411e3cbc248ffe1288137a7\",\"name\":\"Prensa ICHD\",\"image\":{\"@type\":\"ImageObject\",\"inLanguage\":\"es\",\"@id\":\"https:\/\/ichd.mx\/#\/schema\/person\/image\/\",\"url\":\"https:\/\/secure.gravatar.com\/avatar\/166c01e5e415043a004f7d214348c415?s=96&d=mm&r=g\",\"contentUrl\":\"https:\/\/secure.gravatar.com\/avatar\/166c01e5e415043a004f7d214348c415?s=96&d=mm&r=g\",\"caption\":\"Prensa ICHD\"},\"url\":\"https:\/\/ichd.mx\/?author=3\"}]}<\/script>\n<!-- \/ Yoast SEO plugin. -->","yoast_head_json":{"title":"Confirman a chihuahuenses en el preol\u00edmpico de boxeo en Argentina - ICHD","robots":{"index":"index","follow":"follow","max-snippet":"max-snippet:-1","max-image-preview":"max-image-preview:large","max-video-preview":"max-video-preview:-1"},"canonical":"https:\/\/ichd.mx\/?p=1777","og_locale":"es_ES","og_type":"article","og_title":"Confirman a chihuahuenses en el preol\u00edmpico de boxeo en Argentina - ICHD","og_description":"*El juarense Rogelio Romero y el capitalino Marco Ariel Hern\u00e1ndez los convocados\u00a0 La Federaci\u00f3n Mexicana de Boxeo aficionado ratific\u00f3 la","og_url":"https:\/\/ichd.mx\/?p=1777","og_site_name":"ICHD","article_publisher":"https:\/\/www.facebook.com\/ichdmx","article_published_time":"2021-01-28T19:15:55+00:00","article_modified_time":"2021-01-28T19:16:09+00:00","og_image":[{"width":748,"height":456,"url":"https:\/\/ichd.mx\/wp-content\/uploads\/2021\/01\/Marco-Ariel-Hernandez-e1611861314792.jpg","type":"image\/jpeg"}],"author":"Prensa ICHD","twitter_card":"summary_large_image","twitter_creator":"@ICHDmx","twitter_site":"@ICHDmx","twitter_misc":{"Escrito por":"Prensa ICHD","Tiempo de lectura":"1 minuto"},"schema":{"@context":"https:\/\/schema.org","@graph":[{"@type":"WebPage","@id":"https:\/\/ichd.mx\/?p=1777","url":"https:\/\/ichd.mx\/?p=1777","name":"Confirman a chihuahuenses en el preol\u00edmpico de boxeo en Argentina - ICHD","isPartOf":{"@id":"https:\/\/ichd.mx\/#website"},"primaryImageOfPage":{"@id":"https:\/\/ichd.mx\/?p=1777#primaryimage"},"image":{"@id":"https:\/\/ichd.mx\/?p=1777#primaryimage"},"thumbnailUrl":"https:\/\/ichd.mx\/wp-content\/uploads\/2021\/01\/Marco-Ariel-Hernandez-e1611861314792.jpg","datePublished":"2021-01-28T19:15:55+00:00","dateModified":"2021-01-28T19:16:09+00:00","author":{"@id":"https:\/\/ichd.mx\/#\/schema\/person\/137528cf3411e3cbc248ffe1288137a7"},"breadcrumb":{"@id":"https:\/\/ichd.mx\/?p=1777#breadcrumb"},"inLanguage":"es","potentialAction":[{"@type":"ReadAction","target":["https:\/\/ichd.mx\/?p=1777"]}]},{"@type":"ImageObject","inLanguage":"es","@id":"https:\/\/ichd.mx\/?p=1777#primaryimage","url":"https:\/\/ichd.mx\/wp-content\/uploads\/2021\/01\/Marco-Ariel-Hernandez-e1611861314792.jpg","contentUrl":"https:\/\/ichd.mx\/wp-content\/uploads\/2021\/01\/Marco-Ariel-Hernandez-e1611861314792.jpg","width":748,"height":456},{"@type":"BreadcrumbList","@id":"https:\/\/ichd.mx\/?p=1777#breadcrumb","itemListElement":[{"@type":"ListItem","position":1,"name":"Portada","item":"https:\/\/ichd.mx\/"},{"@type":"ListItem","position":2,"name":"Confirman a chihuahuenses en el preol\u00edmpico de boxeo en Argentina"}]},{"@type":"WebSite","@id":"https:\/\/ichd.mx\/#website","url":"https:\/\/ichd.mx\/","name":"ICHD","description":"Instituto Chihuahuense del Deporte y Cultura F\u00edsica","potentialAction":[{"@type":"SearchAction","target":{"@type":"EntryPoint","urlTemplate":"https:\/\/ichd.mx\/?s={search_term_string}"},"query-input":{"@type":"PropertyValueSpecification","valueRequired":true,"valueName":"search_term_string"}}],"inLanguage":"es"},{"@type":"Person","@id":"https:\/\/ichd.mx\/#\/schema\/person\/137528cf3411e3cbc248ffe1288137a7","name":"Prensa ICHD","image":{"@type":"ImageObject","inLanguage":"es","@id":"https:\/\/ichd.mx\/#\/schema\/person\/image\/","url":"https:\/\/secure.gravatar.com\/avatar\/166c01e5e415043a004f7d214348c415?s=96&d=mm&r=g","contentUrl":"https:\/\/secure.gravatar.com\/avatar\/166c01e5e415043a004f7d214348c415?s=96&d=mm&r=g","caption":"Prensa ICHD"},"url":"https:\/\/ichd.mx\/?author=3"}]}},"_links":{"self":[{"href":"https:\/\/ichd.mx\/index.php?rest_route=\/wp\/v2\/posts\/1777","targetHints":{"allow":["GET"]}}],"collection":[{"href":"https:\/\/ichd.mx\/index.php?rest_route=\/wp\/v2\/posts"}],"about":[{"href":"https:\/\/ichd.mx\/index.php?rest_route=\/wp\/v2\/types\/post"}],"author":[{"embeddable":true,"href":"https:\/\/ichd.mx\/index.php?rest_route=\/wp\/v2\/users\/3"}],"replies":[{"embeddable":true,"href":"https:\/\/ichd.mx\/index.php?rest_route=%2Fwp%2Fv2%2Fcomments&post=1777"}],"version-history":[{"count":1,"href":"https:\/\/ichd.mx\/index.php?rest_route=\/wp\/v2\/posts\/1777\/revisions"}],"predecessor-version":[{"id":1780,"href":"https:\/\/ichd.mx\/index.php?rest_route=\/wp\/v2\/posts\/1777\/revisions\/1780"}],"wp:featuredmedia":[{"embeddable":true,"href":"https:\/\/ichd.mx\/index.php?rest_route=\/wp\/v2\/media\/1779"}],"wp:attachment":[{"href":"https:\/\/ichd.mx\/index.php?rest_route=%2Fwp%2Fv2%2Fmedia&parent=1777"}],"wp:term":[{"taxonomy":"category","embeddable":true,"href":"https:\/\/ichd.mx\/index.php?rest_route=%2Fwp%2Fv2%2Fcategories&post=1777"},{"taxonomy":"post_tag","embeddable":true,"href":"https:\/\/ichd.mx\/index.php?rest_route=%2Fwp%2Fv2%2Ftags&post=1777"}],"curies":[{"name":"wp","href":"https:\/\/api.w.org\/{rel}","templated":true}]}}