{"id":116,"date":"2019-04-01T11:56:19","date_gmt":"2019-04-01T18:56:19","guid":{"rendered":"http:\/\/ichd.mx\/?p=116"},"modified":"2020-04-26T10:17:06","modified_gmt":"2020-04-26T16:17:06","slug":"chihuahua-se-proclama-campeon-regional-de-tae-kwon-do","status":"publish","type":"post","link":"https:\/\/ichd.mx\/?p=116","title":{"rendered":"Chihuahua se proclama campe\u00f3n regional de Tae Kwon Do"},"content":{"rendered":"<p align=\"justify\"><span style=\"font-family: Ubuntu;\"><span style=\"font-size: small;\"><span style=\"font-size: large;\">En el cierre de actividades de la Olimpiada y Nacional Juvenil en su etapa regional, Chihuahua logr\u00f3 clasificar a atletas en la modalidad de Poomsae de Tae Kwon Do, teniendo como escenario el Auditorio del Pueblo en Durango.<\/span><\/span><\/span><\/p>\n<p align=\"justify\"><span style=\"font-family: Ubuntu;\"><span style=\"font-size: large;\">Dentro de la modalidad Poomsae Individual, los clasificados son Harley Rasc\u00f3n en la categor\u00eda 2002-2003, y Beatriz Villarreal en la 1999-2001.<\/span><\/span><\/p>\n<p align=\"justify\"><span style=\"font-family: Ubuntu;\"><span style=\"font-size: large;\">Mientras que, en Parejas, los campeones fueron Harley Rasc\u00f3n y Estrella Flores (Cat. 2002-2003), adem\u00e1s de Beatriz Villarreal y Jos\u00e9 Gonz\u00e1lez en la categor\u00eda 1999-2001.<\/span><\/span><\/p>\n<p align=\"justify\"><span style=\"font-family: Ubuntu;\"><span style=\"font-size: small;\"><span style=\"font-size: large;\">Asimismo, en Poomsae Tercias, los ganadores en la categor\u00eda 2002-2003 fueron Harley Rasc\u00f3n, Estrella Flores y Vanessa Rodr\u00edguez, adem\u00e1s de Anah\u00ed D\u00edaz, Jos\u00e9 Gonz\u00e1lez y Beatriz Villareal, integrantes de la tercia categor\u00eda 1999-2001.<\/span><\/span><\/span><\/p>\n<p align=\"justify\"><span style=\"font-family: Ubuntu;\"><span style=\"font-size: large;\">Los chihuahuenses clasificados continuar\u00e1n con su preparaci\u00f3n, rumbo a la Olimpiada Nacional y Nacional Juvenil 2019, que se realizar\u00e1n del 4 al 10 de mayo en Quintana Roo.<\/span><\/span><\/p>\n","protected":false},"excerpt":{"rendered":"<p>En el cierre de actividades de la Olimpiada y Nacional Juvenil en su etapa regional, Chihuahua logr\u00f3 clasificar a atletas<\/p>\n","protected":false},"author":1,"featured_media":117,"comment_status":"closed","ping_status":"open","sticky":false,"template":"","format":"standard","meta":{"footnotes":""},"categories":[5,3],"tags":[],"class_list":["post-116","post","type-post","status-publish","format-standard","has-post-thumbnail","hentry","category-on","category-sub"],"yoast_head":"<!-- This site is optimized with the Yoast SEO plugin v25.9 - https:\/\/yoast.com\/wordpress\/plugins\/seo\/ -->\n<title>Chihuahua se proclama campe\u00f3n regional de Tae Kwon Do - ICHD<\/title>\n<meta name=\"robots\" content=\"index, follow, max-snippet:-1, max-image-preview:large, max-video-preview:-1\" \/>\n<link rel=\"canonical\" href=\"https:\/\/ichd.mx\/?p=116\" \/>\n<meta property=\"og:locale\" content=\"es_ES\" \/>\n<meta property=\"og:type\" content=\"article\" \/>\n<meta property=\"og:title\" content=\"Chihuahua se proclama campe\u00f3n regional de Tae Kwon Do - ICHD\" \/>\n<meta property=\"og:description\" content=\"En el cierre de actividades de la Olimpiada y Nacional Juvenil en su etapa regional, Chihuahua logr\u00f3 clasificar a atletas\" \/>\n<meta property=\"og:url\" content=\"https:\/\/ichd.mx\/?p=116\" \/>\n<meta property=\"og:site_name\" content=\"ICHD\" \/>\n<meta property=\"article:publisher\" content=\"https:\/\/www.facebook.com\/ichdmx\" \/>\n<meta property=\"article:published_time\" content=\"2019-04-01T18:56:19+00:00\" \/>\n<meta property=\"article:modified_time\" content=\"2020-04-26T16:17:06+00:00\" \/>\n<meta property=\"og:image\" content=\"https:\/\/ichd.mx\/wp-content\/uploads\/2019\/04\/OR2019_TKD32.jpg\" \/>\n\t<meta property=\"og:image:width\" content=\"3376\" \/>\n\t<meta property=\"og:image:height\" content=\"2440\" \/>\n\t<meta property=\"og:image:type\" content=\"image\/jpeg\" \/>\n<meta name=\"author\" content=\"Prensa ICHD\" \/>\n<meta name=\"twitter:card\" content=\"summary_large_image\" \/>\n<meta name=\"twitter:creator\" content=\"@ICHDmx\" \/>\n<meta name=\"twitter:site\" content=\"@ICHDmx\" \/>\n<meta name=\"twitter:label1\" content=\"Escrito por\" \/>\n\t<meta name=\"twitter:data1\" content=\"Prensa ICHD\" \/>\n\t<meta name=\"twitter:label2\" content=\"Tiempo de lectura\" \/>\n\t<meta name=\"twitter:data2\" content=\"1 minuto\" \/>\n<script type=\"application\/ld+json\" class=\"yoast-schema-graph\">{\"@context\":\"https:\/\/schema.org\",\"@graph\":[{\"@type\":\"WebPage\",\"@id\":\"https:\/\/ichd.mx\/?p=116\",\"url\":\"https:\/\/ichd.mx\/?p=116\",\"name\":\"Chihuahua se proclama campe\u00f3n regional de Tae Kwon Do - ICHD\",\"isPartOf\":{\"@id\":\"https:\/\/ichd.mx\/#website\"},\"primaryImageOfPage\":{\"@id\":\"https:\/\/ichd.mx\/?p=116#primaryimage\"},\"image\":{\"@id\":\"https:\/\/ichd.mx\/?p=116#primaryimage\"},\"thumbnailUrl\":\"https:\/\/ichd.mx\/wp-content\/uploads\/2019\/04\/OR2019_TKD32.jpg\",\"datePublished\":\"2019-04-01T18:56:19+00:00\",\"dateModified\":\"2020-04-26T16:17:06+00:00\",\"author\":{\"@id\":\"https:\/\/ichd.mx\/#\/schema\/person\/f479276b61f414d2c9cb093175585910\"},\"breadcrumb\":{\"@id\":\"https:\/\/ichd.mx\/?p=116#breadcrumb\"},\"inLanguage\":\"es\",\"potentialAction\":[{\"@type\":\"ReadAction\",\"target\":[\"https:\/\/ichd.mx\/?p=116\"]}]},{\"@type\":\"ImageObject\",\"inLanguage\":\"es\",\"@id\":\"https:\/\/ichd.mx\/?p=116#primaryimage\",\"url\":\"https:\/\/ichd.mx\/wp-content\/uploads\/2019\/04\/OR2019_TKD32.jpg\",\"contentUrl\":\"https:\/\/ichd.mx\/wp-content\/uploads\/2019\/04\/OR2019_TKD32.jpg\",\"width\":3376,\"height\":2440},{\"@type\":\"BreadcrumbList\",\"@id\":\"https:\/\/ichd.mx\/?p=116#breadcrumb\",\"itemListElement\":[{\"@type\":\"ListItem\",\"position\":1,\"name\":\"Portada\",\"item\":\"https:\/\/ichd.mx\/\"},{\"@type\":\"ListItem\",\"position\":2,\"name\":\"Chihuahua se proclama campe\u00f3n regional de Tae Kwon Do\"}]},{\"@type\":\"WebSite\",\"@id\":\"https:\/\/ichd.mx\/#website\",\"url\":\"https:\/\/ichd.mx\/\",\"name\":\"ICHD\",\"description\":\"Instituto Chihuahuense del Deporte y Cultura F\u00edsica\",\"potentialAction\":[{\"@type\":\"SearchAction\",\"target\":{\"@type\":\"EntryPoint\",\"urlTemplate\":\"https:\/\/ichd.mx\/?s={search_term_string}\"},\"query-input\":{\"@type\":\"PropertyValueSpecification\",\"valueRequired\":true,\"valueName\":\"search_term_string\"}}],\"inLanguage\":\"es\"},{\"@type\":\"Person\",\"@id\":\"https:\/\/ichd.mx\/#\/schema\/person\/f479276b61f414d2c9cb093175585910\",\"name\":\"Prensa ICHD\",\"image\":{\"@type\":\"ImageObject\",\"inLanguage\":\"es\",\"@id\":\"https:\/\/ichd.mx\/#\/schema\/person\/image\/\",\"url\":\"https:\/\/secure.gravatar.com\/avatar\/6046115645d37646586ee77488df800b?s=96&d=mm&r=g\",\"contentUrl\":\"https:\/\/secure.gravatar.com\/avatar\/6046115645d37646586ee77488df800b?s=96&d=mm&r=g\",\"caption\":\"Prensa ICHD\"},\"url\":\"https:\/\/ichd.mx\/?author=1\"}]}<\/script>\n<!-- \/ Yoast SEO plugin. -->","yoast_head_json":{"title":"Chihuahua se proclama campe\u00f3n regional de Tae Kwon Do - ICHD","robots":{"index":"index","follow":"follow","max-snippet":"max-snippet:-1","max-image-preview":"max-image-preview:large","max-video-preview":"max-video-preview:-1"},"canonical":"https:\/\/ichd.mx\/?p=116","og_locale":"es_ES","og_type":"article","og_title":"Chihuahua se proclama campe\u00f3n regional de Tae Kwon Do - ICHD","og_description":"En el cierre de actividades de la Olimpiada y Nacional Juvenil en su etapa regional, Chihuahua logr\u00f3 clasificar a atletas","og_url":"https:\/\/ichd.mx\/?p=116","og_site_name":"ICHD","article_publisher":"https:\/\/www.facebook.com\/ichdmx","article_published_time":"2019-04-01T18:56:19+00:00","article_modified_time":"2020-04-26T16:17:06+00:00","og_image":[{"width":3376,"height":2440,"url":"https:\/\/ichd.mx\/wp-content\/uploads\/2019\/04\/OR2019_TKD32.jpg","type":"image\/jpeg"}],"author":"Prensa ICHD","twitter_card":"summary_large_image","twitter_creator":"@ICHDmx","twitter_site":"@ICHDmx","twitter_misc":{"Escrito por":"Prensa ICHD","Tiempo de lectura":"1 minuto"},"schema":{"@context":"https:\/\/schema.org","@graph":[{"@type":"WebPage","@id":"https:\/\/ichd.mx\/?p=116","url":"https:\/\/ichd.mx\/?p=116","name":"Chihuahua se proclama campe\u00f3n regional de Tae Kwon Do - ICHD","isPartOf":{"@id":"https:\/\/ichd.mx\/#website"},"primaryImageOfPage":{"@id":"https:\/\/ichd.mx\/?p=116#primaryimage"},"image":{"@id":"https:\/\/ichd.mx\/?p=116#primaryimage"},"thumbnailUrl":"https:\/\/ichd.mx\/wp-content\/uploads\/2019\/04\/OR2019_TKD32.jpg","datePublished":"2019-04-01T18:56:19+00:00","dateModified":"2020-04-26T16:17:06+00:00","author":{"@id":"https:\/\/ichd.mx\/#\/schema\/person\/f479276b61f414d2c9cb093175585910"},"breadcrumb":{"@id":"https:\/\/ichd.mx\/?p=116#breadcrumb"},"inLanguage":"es","potentialAction":[{"@type":"ReadAction","target":["https:\/\/ichd.mx\/?p=116"]}]},{"@type":"ImageObject","inLanguage":"es","@id":"https:\/\/ichd.mx\/?p=116#primaryimage","url":"https:\/\/ichd.mx\/wp-content\/uploads\/2019\/04\/OR2019_TKD32.jpg","contentUrl":"https:\/\/ichd.mx\/wp-content\/uploads\/2019\/04\/OR2019_TKD32.jpg","width":3376,"height":2440},{"@type":"BreadcrumbList","@id":"https:\/\/ichd.mx\/?p=116#breadcrumb","itemListElement":[{"@type":"ListItem","position":1,"name":"Portada","item":"https:\/\/ichd.mx\/"},{"@type":"ListItem","position":2,"name":"Chihuahua se proclama campe\u00f3n regional de Tae Kwon Do"}]},{"@type":"WebSite","@id":"https:\/\/ichd.mx\/#website","url":"https:\/\/ichd.mx\/","name":"ICHD","description":"Instituto Chihuahuense del Deporte y Cultura F\u00edsica","potentialAction":[{"@type":"SearchAction","target":{"@type":"EntryPoint","urlTemplate":"https:\/\/ichd.mx\/?s={search_term_string}"},"query-input":{"@type":"PropertyValueSpecification","valueRequired":true,"valueName":"search_term_string"}}],"inLanguage":"es"},{"@type":"Person","@id":"https:\/\/ichd.mx\/#\/schema\/person\/f479276b61f414d2c9cb093175585910","name":"Prensa ICHD","image":{"@type":"ImageObject","inLanguage":"es","@id":"https:\/\/ichd.mx\/#\/schema\/person\/image\/","url":"https:\/\/secure.gravatar.com\/avatar\/6046115645d37646586ee77488df800b?s=96&d=mm&r=g","contentUrl":"https:\/\/secure.gravatar.com\/avatar\/6046115645d37646586ee77488df800b?s=96&d=mm&r=g","caption":"Prensa ICHD"},"url":"https:\/\/ichd.mx\/?author=1"}]}},"_links":{"self":[{"href":"https:\/\/ichd.mx\/index.php?rest_route=\/wp\/v2\/posts\/116","targetHints":{"allow":["GET"]}}],"collection":[{"href":"https:\/\/ichd.mx\/index.php?rest_route=\/wp\/v2\/posts"}],"about":[{"href":"https:\/\/ichd.mx\/index.php?rest_route=\/wp\/v2\/types\/post"}],"author":[{"embeddable":true,"href":"https:\/\/ichd.mx\/index.php?rest_route=\/wp\/v2\/users\/1"}],"replies":[{"embeddable":true,"href":"https:\/\/ichd.mx\/index.php?rest_route=%2Fwp%2Fv2%2Fcomments&post=116"}],"version-history":[{"count":2,"href":"https:\/\/ichd.mx\/index.php?rest_route=\/wp\/v2\/posts\/116\/revisions"}],"predecessor-version":[{"id":1369,"href":"https:\/\/ichd.mx\/index.php?rest_route=\/wp\/v2\/posts\/116\/revisions\/1369"}],"wp:featuredmedia":[{"embeddable":true,"href":"https:\/\/ichd.mx\/index.php?rest_route=\/wp\/v2\/media\/117"}],"wp:attachment":[{"href":"https:\/\/ichd.mx\/index.php?rest_route=%2Fwp%2Fv2%2Fmedia&parent=116"}],"wp:term":[{"taxonomy":"category","embeddable":true,"href":"https:\/\/ichd.mx\/index.php?rest_route=%2Fwp%2Fv2%2Fcategories&post=116"},{"taxonomy":"post_tag","embeddable":true,"href":"https:\/\/ichd.mx\/index.php?rest_route=%2Fwp%2Fv2%2Ftags&post=116"}],"curies":[{"name":"wp","href":"https:\/\/api.w.org\/{rel}","templated":true}]}}