{"id":107,"date":"2019-03-30T21:00:25","date_gmt":"2019-03-31T04:00:25","guid":{"rendered":"http:\/\/ichd.mx\/?p=107"},"modified":"2020-04-26T10:17:30","modified_gmt":"2020-04-26T16:17:30","slug":"taekwondoines-chihuahuenses-se-imponen-en-el-regional","status":"publish","type":"post","link":"https:\/\/ichd.mx\/?p=107","title":{"rendered":"Taekwondo\u00ednes chihuahuenses se imponen en el Regional"},"content":{"rendered":"<p>Un total de 58 atletas lograron su boleto a la justa nacional de Tae Kwon Do en la modalidad de combate, al ganar sus respectivas peleas dentro de la Olimpiada Regional y Regional Juvenil 2016 que se desarrolla en el Auditorio del Pueblo en Durango.<\/p>\n<p>La delegaci\u00f3n Chihuahuense arrib\u00f3 con un total de 74 atletas para la justa regional de los cuales 26 avanzaron de forma autom\u00e1tica (bye) y 32 m\u00e1s se ganaron el derecho por la v\u00eda del combate, siendo s\u00f3lo 16 los chihuahuenses que se quedaron en el camino.<\/p>\n<p>Desde temprana hora iniciaron los combates donde los atletas del Estado mostraron gran dominio de t\u00e9cnica y combate frente a sus similares de Aguascalientes, Durango y Zacatecas.<\/p>\n<p>De los 58 clasificados a la Olimpiada Nacional y Nacional Juvenil, 27 representar\u00e1n a Chihuahua en la rama varonil y 29 m\u00e1s en la rama femenil.<\/p>\n<p>Por otro lado, en la categor\u00eda 2004-2005, el quinteto integrado por M\u00eda Hern\u00e1ndez, Regina Mu\u00f1oz, Esmeralda Hern\u00e1ndez, Andrea Leyva y Regina Acosta super\u00f3 sin problemas a Durango con amplio puntaje de 107-78 dentro de la modalidad Team 5 de combate en tres rounds con parciales de 51-31 en el primero con duraci\u00f3n de cinco minutos, luego 84-53 y finalmente 107-78, siendo \u00e9stos dos \u00faltimos con duraci\u00f3n de tres minutos cada uno.<\/p>\n<p><strong>Clasificados a Olimpiada Nacional<\/strong><\/p>\n<p><strong>Categor\u00eda 2006-2007<\/strong><br \/>\nNombre Divisi\u00f3n<br \/>\nC\u00e9sar Iv\u00e1n Bernal Santana -37 kg<br \/>\nUriel Pav\u00f3n Rodr\u00edguez -41 kg<br \/>\nMateo Buend\u00eda Talavera -45 kg<br \/>\nAbner Mael Rangel Rivas -49 kg<br \/>\nJorge Raziel Sandoval Mu\u00f1iz -53 kg<br \/>\nOsvaldo Salazar Jim\u00e9nez -57 kg<br \/>\nDiego Armando Sede\u00f1o Medina -65 kg<br \/>\nDiego Mu\u00f1iz Vel\u00e1zquez +65 kg<br \/>\nRoxana Avila -29 kg<br \/>\nBlanca Granillo Palacios -33 kg<br \/>\nPaola Michelle Reyes Barr\u00f3n -41 kg<br \/>\nDaniela Aguirre Villela -44 kg<br \/>\nKarina Fierro Rivera -47 kg<br \/>\nFlor Itzayana Murga Ch\u00e1vez -51 kg<br \/>\nNatalia R\u00edos Lozano -55 kg<br \/>\nF\u00e1tima Ram\u00edrez Cervantes -59 kg<br \/>\nGretel Alondra Torres Talavera +59 kg<\/p>\n<p><strong>Categor\u00eda 2002-2003<\/strong><br \/>\nNombre Divisi\u00f3n<br \/>\nLeonardo P\u00e9rez Morales -45 kg<br \/>\nOthon Gilberto D\u00edaz -48 kg<br \/>\nErick Alberto Nino Garza -51 kg<br \/>\nDavid Elizondo Nev\u00e1rez -55 kg<br \/>\nEmmanuel Hern\u00e1ndez Rojas -63 kg<br \/>\nJorge Edmundo Lu\u00e9vano -68 kg<br \/>\nVictor Adri\u00e1n Garc\u00eda -73 kg<br \/>\nSergio Jair Gonz\u00e1lez +78 kg<br \/>\nValeria Rangel Gonz\u00e1lez -42 kg<br \/>\nDeyari Michell Heredia -44 kg<br \/>\nLeslye Denisse Murillo -46 kg<br \/>\nHannia Olvera Sosa -49 kg<br \/>\nDesiree M\u00e1rquez Rubio -52 kg<br \/>\nDiana Andrea Ovalle -55 kg<br \/>\nJohana Evelyn R\u00edos -63 kg<br \/>\nKenia Rosales Guti\u00e9rrez -68 kg<\/p>\n<p><strong>Categor\u00eda 2004-2005<\/strong><br \/>\nNombre Divisi\u00f3n<br \/>\nElian Dom\u00ednguez L\u00f3pez -37 kg<br \/>\nAlexis \u00c1lvarez Rubio -41 kg<br \/>\nHugo Adri\u00e1n Alatorre -49 kg<br \/>\nOscar Antonio Torres -52 kg<br \/>\nClemente Lara Palomino -59 kg<br \/>\nEdgar Ren\u00e9 Coronado Fr\u00edas -63 kg<br \/>\nAlan Antonio Zu\u00f1iga Delgado +67 kg<br \/>\nAlondra Yaire Rend\u00f3n -39 kg<br \/>\nMia Danay Hern\u00e1ndez -47 kg<br \/>\nRegina Mu\u00f1oz Iglesias -50 kg<br \/>\nEsmeralda Hern\u00e1ndez -57 kg<br \/>\nAndrea Leyva Barrag\u00e1n -61 kg<br \/>\nRegina Acosta Espinoza -65 kg<\/p>\n<p><strong>Clasificados a Nacional Juvenil<\/strong><br \/>\n<strong>Categor\u00eda 1999-2001<\/strong><br \/>\nNombre Divisi\u00f3n<br \/>\nH\u00e9ctor Jaziel Garc\u00eda Ponce -58 kg<br \/>\nIram Roberto Mel\u00e9ndez -63 kg<br \/>\nOctavio Andr\u00e9s Gonz\u00e1lez -68 kg<br \/>\nJos\u00e9 Benito Contreras Espino -87 kg<br \/>\nAlejandra Ram\u00edrez Aguayo -46 kg<br \/>\nMirka Gabriela D\u00edaz Sandoval -49 kg<br \/>\nLaura Alejandra Ovalle -53 kg<br \/>\nJessica Bujanda Sandoval -57 kg<br \/>\nAnah\u00ed D\u00edaz \u00c1vila -63 kg<br \/>\nFernanda \u00c1lvarez Aguirre -67 kg<br \/>\nMariely Campos Velasco -73 kg<br \/>\nRegina Guti\u00e9rrez Reyes +73 kg <\/p>\n","protected":false},"excerpt":{"rendered":"<p>Un total de 58 atletas lograron su boleto a la justa nacional de Tae Kwon Do en la modalidad de<\/p>\n","protected":false},"author":1,"featured_media":108,"comment_status":"closed","ping_status":"open","sticky":false,"template":"","format":"standard","meta":{"footnotes":""},"categories":[5,3],"tags":[],"class_list":["post-107","post","type-post","status-publish","format-standard","has-post-thumbnail","hentry","category-on","category-sub"],"yoast_head":"<!-- This site is optimized with the Yoast SEO plugin v25.9 - https:\/\/yoast.com\/wordpress\/plugins\/seo\/ -->\n<title>Taekwondo\u00ednes chihuahuenses se imponen en el Regional - ICHD<\/title>\n<meta name=\"robots\" content=\"index, follow, max-snippet:-1, max-image-preview:large, max-video-preview:-1\" \/>\n<link rel=\"canonical\" href=\"https:\/\/ichd.mx\/?p=107\" \/>\n<meta property=\"og:locale\" content=\"es_ES\" \/>\n<meta property=\"og:type\" content=\"article\" \/>\n<meta property=\"og:title\" content=\"Taekwondo\u00ednes chihuahuenses se imponen en el Regional - ICHD\" \/>\n<meta property=\"og:description\" content=\"Un total de 58 atletas lograron su boleto a la justa nacional de Tae Kwon Do en la modalidad de\" \/>\n<meta property=\"og:url\" content=\"https:\/\/ichd.mx\/?p=107\" \/>\n<meta property=\"og:site_name\" content=\"ICHD\" \/>\n<meta property=\"article:publisher\" content=\"https:\/\/www.facebook.com\/ichdmx\" \/>\n<meta property=\"article:published_time\" content=\"2019-03-31T04:00:25+00:00\" \/>\n<meta property=\"article:modified_time\" content=\"2020-04-26T16:17:30+00:00\" \/>\n<meta property=\"og:image\" content=\"https:\/\/ichd.mx\/wp-content\/uploads\/2019\/03\/OR2019_TKD18.jpg\" \/>\n\t<meta property=\"og:image:width\" content=\"2808\" \/>\n\t<meta property=\"og:image:height\" content=\"1896\" \/>\n\t<meta property=\"og:image:type\" content=\"image\/jpeg\" \/>\n<meta name=\"author\" content=\"Prensa ICHD\" \/>\n<meta name=\"twitter:card\" content=\"summary_large_image\" \/>\n<meta name=\"twitter:creator\" content=\"@ICHDmx\" \/>\n<meta name=\"twitter:site\" content=\"@ICHDmx\" \/>\n<meta name=\"twitter:label1\" content=\"Escrito por\" \/>\n\t<meta name=\"twitter:data1\" content=\"Prensa ICHD\" \/>\n\t<meta name=\"twitter:label2\" content=\"Tiempo de lectura\" \/>\n\t<meta name=\"twitter:data2\" content=\"3 minutos\" \/>\n<script type=\"application\/ld+json\" class=\"yoast-schema-graph\">{\"@context\":\"https:\/\/schema.org\",\"@graph\":[{\"@type\":\"WebPage\",\"@id\":\"https:\/\/ichd.mx\/?p=107\",\"url\":\"https:\/\/ichd.mx\/?p=107\",\"name\":\"Taekwondo\u00ednes chihuahuenses se imponen en el Regional - ICHD\",\"isPartOf\":{\"@id\":\"https:\/\/ichd.mx\/#website\"},\"primaryImageOfPage\":{\"@id\":\"https:\/\/ichd.mx\/?p=107#primaryimage\"},\"image\":{\"@id\":\"https:\/\/ichd.mx\/?p=107#primaryimage\"},\"thumbnailUrl\":\"https:\/\/ichd.mx\/wp-content\/uploads\/2019\/03\/OR2019_TKD18.jpg\",\"datePublished\":\"2019-03-31T04:00:25+00:00\",\"dateModified\":\"2020-04-26T16:17:30+00:00\",\"author\":{\"@id\":\"https:\/\/ichd.mx\/#\/schema\/person\/f479276b61f414d2c9cb093175585910\"},\"breadcrumb\":{\"@id\":\"https:\/\/ichd.mx\/?p=107#breadcrumb\"},\"inLanguage\":\"es\",\"potentialAction\":[{\"@type\":\"ReadAction\",\"target\":[\"https:\/\/ichd.mx\/?p=107\"]}]},{\"@type\":\"ImageObject\",\"inLanguage\":\"es\",\"@id\":\"https:\/\/ichd.mx\/?p=107#primaryimage\",\"url\":\"https:\/\/ichd.mx\/wp-content\/uploads\/2019\/03\/OR2019_TKD18.jpg\",\"contentUrl\":\"https:\/\/ichd.mx\/wp-content\/uploads\/2019\/03\/OR2019_TKD18.jpg\",\"width\":2808,\"height\":1896},{\"@type\":\"BreadcrumbList\",\"@id\":\"https:\/\/ichd.mx\/?p=107#breadcrumb\",\"itemListElement\":[{\"@type\":\"ListItem\",\"position\":1,\"name\":\"Portada\",\"item\":\"https:\/\/ichd.mx\/\"},{\"@type\":\"ListItem\",\"position\":2,\"name\":\"Taekwondo\u00ednes chihuahuenses se imponen en el Regional\"}]},{\"@type\":\"WebSite\",\"@id\":\"https:\/\/ichd.mx\/#website\",\"url\":\"https:\/\/ichd.mx\/\",\"name\":\"ICHD\",\"description\":\"Instituto Chihuahuense del Deporte y Cultura F\u00edsica\",\"potentialAction\":[{\"@type\":\"SearchAction\",\"target\":{\"@type\":\"EntryPoint\",\"urlTemplate\":\"https:\/\/ichd.mx\/?s={search_term_string}\"},\"query-input\":{\"@type\":\"PropertyValueSpecification\",\"valueRequired\":true,\"valueName\":\"search_term_string\"}}],\"inLanguage\":\"es\"},{\"@type\":\"Person\",\"@id\":\"https:\/\/ichd.mx\/#\/schema\/person\/f479276b61f414d2c9cb093175585910\",\"name\":\"Prensa ICHD\",\"image\":{\"@type\":\"ImageObject\",\"inLanguage\":\"es\",\"@id\":\"https:\/\/ichd.mx\/#\/schema\/person\/image\/\",\"url\":\"https:\/\/secure.gravatar.com\/avatar\/6046115645d37646586ee77488df800b?s=96&d=mm&r=g\",\"contentUrl\":\"https:\/\/secure.gravatar.com\/avatar\/6046115645d37646586ee77488df800b?s=96&d=mm&r=g\",\"caption\":\"Prensa ICHD\"},\"url\":\"https:\/\/ichd.mx\/?author=1\"}]}<\/script>\n<!-- \/ Yoast SEO plugin. -->","yoast_head_json":{"title":"Taekwondo\u00ednes chihuahuenses se imponen en el Regional - ICHD","robots":{"index":"index","follow":"follow","max-snippet":"max-snippet:-1","max-image-preview":"max-image-preview:large","max-video-preview":"max-video-preview:-1"},"canonical":"https:\/\/ichd.mx\/?p=107","og_locale":"es_ES","og_type":"article","og_title":"Taekwondo\u00ednes chihuahuenses se imponen en el Regional - ICHD","og_description":"Un total de 58 atletas lograron su boleto a la justa nacional de Tae Kwon Do en la modalidad de","og_url":"https:\/\/ichd.mx\/?p=107","og_site_name":"ICHD","article_publisher":"https:\/\/www.facebook.com\/ichdmx","article_published_time":"2019-03-31T04:00:25+00:00","article_modified_time":"2020-04-26T16:17:30+00:00","og_image":[{"width":2808,"height":1896,"url":"https:\/\/ichd.mx\/wp-content\/uploads\/2019\/03\/OR2019_TKD18.jpg","type":"image\/jpeg"}],"author":"Prensa ICHD","twitter_card":"summary_large_image","twitter_creator":"@ICHDmx","twitter_site":"@ICHDmx","twitter_misc":{"Escrito por":"Prensa ICHD","Tiempo de lectura":"3 minutos"},"schema":{"@context":"https:\/\/schema.org","@graph":[{"@type":"WebPage","@id":"https:\/\/ichd.mx\/?p=107","url":"https:\/\/ichd.mx\/?p=107","name":"Taekwondo\u00ednes chihuahuenses se imponen en el Regional - ICHD","isPartOf":{"@id":"https:\/\/ichd.mx\/#website"},"primaryImageOfPage":{"@id":"https:\/\/ichd.mx\/?p=107#primaryimage"},"image":{"@id":"https:\/\/ichd.mx\/?p=107#primaryimage"},"thumbnailUrl":"https:\/\/ichd.mx\/wp-content\/uploads\/2019\/03\/OR2019_TKD18.jpg","datePublished":"2019-03-31T04:00:25+00:00","dateModified":"2020-04-26T16:17:30+00:00","author":{"@id":"https:\/\/ichd.mx\/#\/schema\/person\/f479276b61f414d2c9cb093175585910"},"breadcrumb":{"@id":"https:\/\/ichd.mx\/?p=107#breadcrumb"},"inLanguage":"es","potentialAction":[{"@type":"ReadAction","target":["https:\/\/ichd.mx\/?p=107"]}]},{"@type":"ImageObject","inLanguage":"es","@id":"https:\/\/ichd.mx\/?p=107#primaryimage","url":"https:\/\/ichd.mx\/wp-content\/uploads\/2019\/03\/OR2019_TKD18.jpg","contentUrl":"https:\/\/ichd.mx\/wp-content\/uploads\/2019\/03\/OR2019_TKD18.jpg","width":2808,"height":1896},{"@type":"BreadcrumbList","@id":"https:\/\/ichd.mx\/?p=107#breadcrumb","itemListElement":[{"@type":"ListItem","position":1,"name":"Portada","item":"https:\/\/ichd.mx\/"},{"@type":"ListItem","position":2,"name":"Taekwondo\u00ednes chihuahuenses se imponen en el Regional"}]},{"@type":"WebSite","@id":"https:\/\/ichd.mx\/#website","url":"https:\/\/ichd.mx\/","name":"ICHD","description":"Instituto Chihuahuense del Deporte y Cultura F\u00edsica","potentialAction":[{"@type":"SearchAction","target":{"@type":"EntryPoint","urlTemplate":"https:\/\/ichd.mx\/?s={search_term_string}"},"query-input":{"@type":"PropertyValueSpecification","valueRequired":true,"valueName":"search_term_string"}}],"inLanguage":"es"},{"@type":"Person","@id":"https:\/\/ichd.mx\/#\/schema\/person\/f479276b61f414d2c9cb093175585910","name":"Prensa ICHD","image":{"@type":"ImageObject","inLanguage":"es","@id":"https:\/\/ichd.mx\/#\/schema\/person\/image\/","url":"https:\/\/secure.gravatar.com\/avatar\/6046115645d37646586ee77488df800b?s=96&d=mm&r=g","contentUrl":"https:\/\/secure.gravatar.com\/avatar\/6046115645d37646586ee77488df800b?s=96&d=mm&r=g","caption":"Prensa ICHD"},"url":"https:\/\/ichd.mx\/?author=1"}]}},"_links":{"self":[{"href":"https:\/\/ichd.mx\/index.php?rest_route=\/wp\/v2\/posts\/107","targetHints":{"allow":["GET"]}}],"collection":[{"href":"https:\/\/ichd.mx\/index.php?rest_route=\/wp\/v2\/posts"}],"about":[{"href":"https:\/\/ichd.mx\/index.php?rest_route=\/wp\/v2\/types\/post"}],"author":[{"embeddable":true,"href":"https:\/\/ichd.mx\/index.php?rest_route=\/wp\/v2\/users\/1"}],"replies":[{"embeddable":true,"href":"https:\/\/ichd.mx\/index.php?rest_route=%2Fwp%2Fv2%2Fcomments&post=107"}],"version-history":[{"count":2,"href":"https:\/\/ichd.mx\/index.php?rest_route=\/wp\/v2\/posts\/107\/revisions"}],"predecessor-version":[{"id":1372,"href":"https:\/\/ichd.mx\/index.php?rest_route=\/wp\/v2\/posts\/107\/revisions\/1372"}],"wp:featuredmedia":[{"embeddable":true,"href":"https:\/\/ichd.mx\/index.php?rest_route=\/wp\/v2\/media\/108"}],"wp:attachment":[{"href":"https:\/\/ichd.mx\/index.php?rest_route=%2Fwp%2Fv2%2Fmedia&parent=107"}],"wp:term":[{"taxonomy":"category","embeddable":true,"href":"https:\/\/ichd.mx\/index.php?rest_route=%2Fwp%2Fv2%2Fcategories&post=107"},{"taxonomy":"post_tag","embeddable":true,"href":"https:\/\/ichd.mx\/index.php?rest_route=%2Fwp%2Fv2%2Ftags&post=107"}],"curies":[{"name":"wp","href":"https:\/\/api.w.org\/{rel}","templated":true}]}}